{"id":594,"date":"2021-09-28T16:03:49","date_gmt":"2021-09-28T13:03:49","guid":{"rendered":"http:\/\/www.bozuyuknet.com\/bozuyuk\/?p=594"},"modified":"2021-09-28T17:08:34","modified_gmt":"2021-09-28T14:08:34","slug":"chp-genel-baskani-kilicdaroglu-bozuyukte-konustu","status":"publish","type":"post","link":"https:\/\/www.bozuyuknet.com\/bozuyuk\/chp-genel-baskani-kilicdaroglu-bozuyukte-konustu\/","title":{"rendered":"CHP GENEL BA\u015eKANI KILI\u00c7DARO\u011eLU BOZ\u00dcY\u00dcK&#8217;TE KONU\u015eTU"},"content":{"rendered":"\n<p class=\"has-medium-font-size\">CHP Genel Ba\u015fkan\u0131 Kemal K\u0131l\u0131\u00e7daro\u011flu Boz\u00fcy\u00fck ziyareti kapsam\u0131nda \u0130l\u00e7emizin Muhtarlar\u0131 STK Temsilcileri ve Kanaat \u00d6nderleri ile bulu\u015ftu.<\/p>\n\n\n\n<p class=\"has-medium-font-size\">Boz\u00fcy\u00fck Belediyesi ve CHP \u0130l\u00e7e Ba\u015fkanl\u0131\u011f\u0131 taraf\u0131ndan Grand \u00c7al\u0131 Otel\u2019de ger\u00e7ekle\u015ftirilen bulu\u015fmada bir konu\u015fma yapan K\u0131l\u0131\u00e7daro\u011flu ekonomik krizden \u00e7ift\u00e7ilerin sorunlar\u0131na,ya\u015fanan siyasi geli\u015fmelerden sanayicilerin durumuna kadar bir\u00e7ok konuya de\u011finerek iktidar\u0131 ele\u015ftirdi.<\/p>\n\n\n\n<p class=\"has-medium-font-size\">CHP Lideri K\u0131l\u0131\u00e7daro\u011flu\u2019nun Boz\u00fcy\u00fck STK temsilcileri ve muhtarlarla bulu\u015fmas\u0131nda yapt\u0131\u011f\u0131 konu\u015fmay\u0131 alttaki videodan izleyebilirsiniz<\/p>\n\n\n\n<figure class=\"wp-block-embed is-type-video is-provider-youtube wp-block-embed-youtube wp-embed-aspect-16-9 wp-has-aspect-ratio\"><div class=\"wp-block-embed__wrapper\">\n<iframe loading=\"lazy\" title=\"28 Eyl\u00fcl 2021\" width=\"640\" height=\"360\" src=\"https:\/\/www.youtube.com\/embed\/W17zvm_d2HY?feature=oembed\" frameborder=\"0\" allow=\"accelerometer; autoplay; clipboard-write; encrypted-media; gyroscope; picture-in-picture\" allowfullscreen><\/iframe>\n<\/div><\/figure>\n","protected":false},"excerpt":{"rendered":"<p>CHP Genel Ba\u015fkan\u0131 Kemal K\u0131l\u0131\u00e7daro\u011flu Boz\u00fcy\u00fck ziyareti kapsam\u0131nda \u0130l\u00e7emizin Muhtarlar\u0131 STK Temsilcileri ve Kanaat \u00d6nderleri ile bulu\u015ftu. Boz\u00fcy\u00fck Belediyesi ve CHP \u0130l\u00e7e Ba\u015fkanl\u0131\u011f\u0131 taraf\u0131ndan Grand \u00c7al\u0131 Otel\u2019de ger\u00e7ekle\u015ftirilen bulu\u015fmada bir konu\u015fma yapan K\u0131l\u0131\u00e7daro\u011flu ekonomik krizden \u00e7ift\u00e7ilerin sorunlar\u0131na,ya\u015fanan siyasi geli\u015fmelerden sanayicilerin durumuna kadar bir\u00e7ok konuya de\u011finerek iktidar\u0131 ele\u015ftirdi. CHP Lideri K\u0131l\u0131\u00e7daro\u011flu\u2019nun Boz\u00fcy\u00fck STK temsilcileri ve muhtarlarla bulu\u015fmas\u0131nda yapt\u0131\u011f\u0131 konu\u015fmay\u0131 alttaki videodan izleyebilirsiniz<\/p>\n","protected":false},"author":2,"featured_media":593,"comment_status":"closed","ping_status":"open","sticky":false,"template":"","format":"standard","meta":[],"categories":[7],"tags":[],"aioseo_notices":[],"_links":{"self":[{"href":"https:\/\/www.bozuyuknet.com\/bozuyuk\/wp-json\/wp\/v2\/posts\/594"}],"collection":[{"href":"https:\/\/www.bozuyuknet.com\/bozuyuk\/wp-json\/wp\/v2\/posts"}],"about":[{"href":"https:\/\/www.bozuyuknet.com\/bozuyuk\/wp-json\/wp\/v2\/types\/post"}],"author":[{"embeddable":true,"href":"https:\/\/www.bozuyuknet.com\/bozuyuk\/wp-json\/wp\/v2\/users\/2"}],"replies":[{"embeddable":true,"href":"https:\/\/www.bozuyuknet.com\/bozuyuk\/wp-json\/wp\/v2\/comments?post=594"}],"version-history":[{"count":2,"href":"https:\/\/www.bozuyuknet.com\/bozuyuk\/wp-json\/wp\/v2\/posts\/594\/revisions"}],"predecessor-version":[{"id":600,"href":"https:\/\/www.bozuyuknet.com\/bozuyuk\/wp-json\/wp\/v2\/posts\/594\/revisions\/600"}],"wp:featuredmedia":[{"embeddable":true,"href":"https:\/\/www.bozuyuknet.com\/bozuyuk\/wp-json\/wp\/v2\/media\/593"}],"wp:attachment":[{"href":"https:\/\/www.bozuyuknet.com\/bozuyuk\/wp-json\/wp\/v2\/media?parent=594"}],"wp:term":[{"taxonomy":"category","embeddable":true,"href":"https:\/\/www.bozuyuknet.com\/bozuyuk\/wp-json\/wp\/v2\/categories?post=594"},{"taxonomy":"post_tag","embeddable":true,"href":"https:\/\/www.bozuyuknet.com\/bozuyuk\/wp-json\/wp\/v2\/tags?post=594"}],"curies":[{"name":"wp","href":"https:\/\/api.w.org\/{rel}","templated":true}]}}