{"id":489,"date":"2021-07-22T17:03:26","date_gmt":"2021-07-22T14:03:26","guid":{"rendered":"http:\/\/www.bozuyuknet.com\/bozuyuk\/?p=489"},"modified":"2021-07-22T17:03:28","modified_gmt":"2021-07-22T14:03:28","slug":"veda-etti","status":"publish","type":"post","link":"https:\/\/www.bozuyuknet.com\/bozuyuk\/veda-etti\/","title":{"rendered":"VEDA ETT\u0130"},"content":{"rendered":"\n<p class=\"has-medium-font-size\">K\u0131sa zamanda Bilecik genelinde yapt\u0131\u011f\u0131 ba\u015far\u0131l\u0131 \u00e7al\u0131\u015fmalar ve halkla ili\u015fkileri nedeniyle g\u00f6n\u00fcllere taht kuran Vali Bilal \u015eent\u00fcrk Bilecik&#8217;e veda etti.Sevilen Vali \u015eent\u00fcrk vedas\u0131 ile ilgili sosyal medya hesab\u0131ndan yapt\u0131\u011f\u0131 a\u00e7\u0131klamada <\/p>\n\n\n\n<p class=\"has-medium-font-size\">&#8220;Dolu dolu iki bu\u00e7uk y\u0131l ge\u00e7irdi\u011fim, kurulu\u015fun ve kurtulu\u015fun \u015fehri Bilecik Valili\u011fi g\u00f6revinden Say\u0131n Cumhurba\u015fkan\u0131m\u0131z Recep Tayyip ERDO\u011eAN\u2019\u0131n tensipleriyle Cumhurba\u015fkanl\u0131\u011f\u0131 \u0130dari \u0130\u015fler Ba\u015fkanl\u0131\u011f\u0131 Personel Prensipler Genel M\u00fcd\u00fcrl\u00fc\u011f\u00fcne atanmam nedeniyle ayr\u0131ld\u0131m. Bu \u00e7ok \u00f6zel ve g\u00fczel ilimizde hay\u0131rl\u0131 i\u015flere vesile olabilmi\u015fsek ne mutlu. B\u0131rakabildiysek ho\u015f bir seda\u2026 Tensipleriyle bana bu f\u0131rsat\u0131 sa\u011flayan Cumhurba\u015fkan\u0131m\u0131z Say\u0131n Recep Tayyip Erdo\u011fan\u2019a, her zaman destek olan \u0130\u00e7i\u015fleri Bakan\u0131m\u0131z Sn S\u00fcleyman SOYLU ve Enerji ve Tabii Kaynaklar Bakan\u0131m\u0131z Sn Fatih D\u00d6NMEZ\u2019e, \u00e7al\u0131\u015fma arkada\u015flar\u0131m ve t\u00fcm Bilecikli hem\u015fehrilerimize \u015f\u00fckranlar\u0131m\u0131 sunuyorum&#8221; dedi.<\/p>\n\n\n\n<figure class=\"wp-block-image\"><img src=\"\" alt=\"\"\/><\/figure>\n\n\n\n<p> <\/p>\n","protected":false},"excerpt":{"rendered":"<p>K\u0131sa zamanda Bilecik genelinde yapt\u0131\u011f\u0131 ba\u015far\u0131l\u0131 \u00e7al\u0131\u015fmalar ve halkla ili\u015fkileri nedeniyle g\u00f6n\u00fcllere taht kuran Vali Bilal \u015eent\u00fcrk Bilecik&#8217;e veda etti.Sevilen Vali \u015eent\u00fcrk vedas\u0131 ile ilgili sosyal medya hesab\u0131ndan yapt\u0131\u011f\u0131 a\u00e7\u0131klamada &#8220;Dolu dolu iki bu\u00e7uk y\u0131l ge\u00e7irdi\u011fim, kurulu\u015fun ve kurtulu\u015fun \u015fehri Bilecik Valili\u011fi g\u00f6revinden Say\u0131n Cumhurba\u015fkan\u0131m\u0131z Recep Tayyip ERDO\u011eAN\u2019\u0131n tensipleriyle Cumhurba\u015fkanl\u0131\u011f\u0131 \u0130dari \u0130\u015fler Ba\u015fkanl\u0131\u011f\u0131 Personel Prensipler Genel M\u00fcd\u00fcrl\u00fc\u011f\u00fcne atanmam nedeniyle ayr\u0131ld\u0131m. Bu \u00e7ok \u00f6zel ve g\u00fczel ilimizde hay\u0131rl\u0131 i\u015flere vesile olabilmi\u015fsek ne mutlu. B\u0131rakabildiysek ho\u015f bir seda\u2026 Tensipleriyle bana bu f\u0131rsat\u0131 sa\u011flayan Cumhurba\u015fkan\u0131m\u0131z Say\u0131n Recep Tayyip Erdo\u011fan\u2019a, her zaman destek olan&hellip;<\/p>\n","protected":false},"author":2,"featured_media":488,"comment_status":"closed","ping_status":"open","sticky":false,"template":"","format":"standard","meta":[],"categories":[1],"tags":[],"aioseo_notices":[],"_links":{"self":[{"href":"https:\/\/www.bozuyuknet.com\/bozuyuk\/wp-json\/wp\/v2\/posts\/489"}],"collection":[{"href":"https:\/\/www.bozuyuknet.com\/bozuyuk\/wp-json\/wp\/v2\/posts"}],"about":[{"href":"https:\/\/www.bozuyuknet.com\/bozuyuk\/wp-json\/wp\/v2\/types\/post"}],"author":[{"embeddable":true,"href":"https:\/\/www.bozuyuknet.com\/bozuyuk\/wp-json\/wp\/v2\/users\/2"}],"replies":[{"embeddable":true,"href":"https:\/\/www.bozuyuknet.com\/bozuyuk\/wp-json\/wp\/v2\/comments?post=489"}],"version-history":[{"count":1,"href":"https:\/\/www.bozuyuknet.com\/bozuyuk\/wp-json\/wp\/v2\/posts\/489\/revisions"}],"predecessor-version":[{"id":490,"href":"https:\/\/www.bozuyuknet.com\/bozuyuk\/wp-json\/wp\/v2\/posts\/489\/revisions\/490"}],"wp:featuredmedia":[{"embeddable":true,"href":"https:\/\/www.bozuyuknet.com\/bozuyuk\/wp-json\/wp\/v2\/media\/488"}],"wp:attachment":[{"href":"https:\/\/www.bozuyuknet.com\/bozuyuk\/wp-json\/wp\/v2\/media?parent=489"}],"wp:term":[{"taxonomy":"category","embeddable":true,"href":"https:\/\/www.bozuyuknet.com\/bozuyuk\/wp-json\/wp\/v2\/categories?post=489"},{"taxonomy":"post_tag","embeddable":true,"href":"https:\/\/www.bozuyuknet.com\/bozuyuk\/wp-json\/wp\/v2\/tags?post=489"}],"curies":[{"name":"wp","href":"https:\/\/api.w.org\/{rel}","templated":true}]}}