{"id":427,"date":"2021-05-26T15:45:59","date_gmt":"2021-05-26T12:45:59","guid":{"rendered":"http:\/\/www.bozuyuknet.com\/bozuyuk\/?p=427"},"modified":"2021-05-26T15:46:01","modified_gmt":"2021-05-26T12:46:01","slug":"ilk-kadin-dernegi-kuruldu","status":"publish","type":"post","link":"https:\/\/www.bozuyuknet.com\/bozuyuk\/ilk-kadin-dernegi-kuruldu\/","title":{"rendered":"\u0130LK KADIN DERNE\u011e\u0130 KURULDU"},"content":{"rendered":"\n<p class=\"has-medium-font-size\">Mustafa Kemal Atat\u00fcrk\u2019\u00fcn kurtulu\u015f me\u015falesini yak\u0131\u015f\u0131n\u0131n 102. Y\u0131ld\u00f6n\u00fcm\u00fcnde Bilecikli kad\u0131nlar kurulu\u015f ve kurtulu\u015fun \u015fehri Bilecik\u2019te ilk kad\u0131n merkezli yard\u0131mla\u015fma dayan\u0131\u015fma ve k\u00fclt\u00fcr derne\u011fini kurdu. T\u00fcm kad\u0131nlar\u0131n d\u00fc\u015f\u00fcnce, inan\u00e7 ve ifade \u00f6zg\u00fcrl\u00fc\u011f\u00fcn\u00fc esas alarak kad\u0131nlar\u0131n her alanda aktif rol almas\u0131n\u0131 sa\u011flamak amac\u0131yla Boz\u00fcy\u00fck merkezli kurulan Bilecik Anadolu Kad\u0131nlar\u0131 Yard\u0131mla\u015fma Dayan\u0131\u015fma ve K\u00fclt\u00fcr Derne\u011fi \u015fehrimizde kad\u0131nlara y\u00f6nelik \u00e7ok \u00f6nemli bir at\u0131l\u0131m oldu. Gerek kurulu\u015f tarihlerinin simgesel olarak anlam\u0131, gerek kad\u0131n merkezli olmas\u0131 gerekse de sosyal ve k\u00fclt\u00fcrel olarak \u015fehrimizin dayan\u0131\u015fma ba\u011flar\u0131na olan katk\u0131s\u0131yla faaliyetlerine ba\u015flayacak.<\/p>\n\n\n\n<p class=\"has-medium-font-size\">Derne\u011fin kurucu ba\u015fkan\u0131 olan i\u015f insan\u0131 Nurcan \u00d6z\u00e7ak\u0131r, derne\u011fin Atat\u00fcrk\u2019\u00fcn ilkeleri \u00e7izgisinde oldu\u011funu vurgulayarak, <strong>\u201c<\/strong><strong>19 May\u0131s tarihi, Ulu \u00d6nder Mustafa Kemal Atat\u00fcrk&#8217;\u00fcn kurulu\u015fa ve kurtulu\u015fa att\u0131\u011f\u0131 en g\u00fc\u00e7l\u00fc ad\u0131m\u0131n ifadesidir. Atam\u0131z\u0131n bize arma\u011fan etti\u011fi T\u00fcrkiye Cumhuriyeti&#8217;ne bug\u00fcn sahip \u00e7\u0131kmak, 19 May\u0131s 1919 tarihinde yak\u0131lan ve bug\u00fcne kadar s\u00f6nmemi\u015f olan \u00f6zg\u00fcrl\u00fck ve ba\u011f\u0131ms\u0131zl\u0131k me\u015falesine de sahip \u00e7\u0131kmak anlam\u0131n\u0131 ta\u015f\u0131r. <\/strong><strong>Bu do\u011frultuda bizler de Cumhuriyetimizin de\u011ferlerine sahip \u00e7\u0131karak, Anadolu Kad\u0131nlar\u0131 olarak kurulu\u015fun ve kurtulu\u015fun \u015fehri Bilecik\u2019ten me\u015fale ate\u015fini 19 May\u0131s\u2019ta yakarak t\u00fcm kad\u0131nlar\u0131m\u0131z\u0131n yoluna \u0131\u015f\u0131k olmak istedik\u201d <\/strong>\u015feklinde belirtti.<\/p>\n\n\n\n<p><strong>B\u0130LEC\u0130K GENEL\u0130NDE T\u00dcM KADINLARIMIZLA DAYANI\u015eMA \u0130\u00c7\u0130NDE OLACA\u011eIZ<\/strong><\/p>\n\n\n\n<p class=\"has-medium-font-size\">Nurcan \u00d6z\u00e7ak\u0131r; kendisinin uzun y\u0131llard\u0131r bir\u00e7ok sivil toplum kurulu\u015flar\u0131nda aktif g\u00f6rev alan ve \u00fclkemizdeki \u00e7e\u015fitli kad\u0131n platformlar\u0131nda faaliyet g\u00f6steren biri olarak, ilimizde b\u00f6yle bir kad\u0131n merkezli derne\u011fin ihtiya\u00e7 oldu\u011funu g\u00f6rerek bu konuda yapt\u0131\u011f\u0131 \u00e7al\u0131\u015fmalar\u0131n\u0131 arkada\u015flar\u0131 ile payla\u015ft\u0131\u011f\u0131n\u0131 ve t\u00fcm kad\u0131nlar\u0131n d\u00fc\u015f\u00fcnce, inan\u00e7 ve ifade \u00f6zg\u00fcrl\u00fc\u011f\u00fcn\u00fc esas alarak kad\u0131nlar\u0131n her alanda aktif rol almas\u0131n\u0131 sa\u011flamak amac\u0131yla hep birlikte bilgi birikim deneyimlerini birle\u015ftirerek kad\u0131na dair her hususun yer ald\u0131\u011f\u0131 bir dernek kurduklar\u0131n\u0131 belirtti.<\/p>\n\n\n\n<p class=\"has-medium-font-size\">\u00d6z\u00e7ak\u0131r, derne\u011fin kurulu\u015f amac\u0131 ve nitelikleri hakk\u0131nda bilgi vererek, \u201c<strong>Derne\u011fimizi kad\u0131n merkezli sivil toplum faaliyetlerinin etkinle\u015ftirilmesi ve geli\u015ftirilmesini sa\u011flamak ve bu konuda \u00e7al\u0131\u015fmalar yapan ki\u015fi ve kurulu\u015flara destek vermek, destek almak, ortak proje yapmak ana amac\u0131 ile kurduk. Kad\u0131na dair her hususun g\u00f6r\u00fc\u015f\u00fclmesi, konu\u015fulmas\u0131, toplum i\u00e7erisinde de\u011ferlendirilmesi, f\u0131rsat e\u015fitli\u011finin sa\u011flanmas\u0131 ve g\u00fc\u00e7lendirilmesi, cinsiyet, etnik k\u00f6ken &#8211; inan\u00e7 &#8211; ya\u015f &#8211; meslek ayr\u0131mc\u0131l\u0131\u011f\u0131n\u0131n ortadan kald\u0131r\u0131lmas\u0131, kad\u0131n olgusunun g\u00fc\u00e7lendirilmesi ve toplumsal de\u011ferinin art\u0131r\u0131lmas\u0131, kad\u0131nlar\u0131n ekonomik, sosyal ve k\u00fclt\u00fcrel stat\u00fcs\u00fcn\u00fcn y\u00fckseltilmesine \u00e7al\u0131\u015fmak ve bu konuda yard\u0131mla\u015fma ve dayan\u0131\u015fmay\u0131, sosyal sorumluluk bilincinin artt\u0131r\u0131lmas\u0131n\u0131 sa\u011flamak hususlar\u0131 ba\u015fta olmak \u00fczere e\u011fitici sosyal faaliyetler, seminerler, paneller, kurs ve etkinlikler ile ama\u00e7lara y\u00f6nelik organizasyonlar olu\u015fturmay\u0131 ama\u00e7 edindik. Atam\u0131z\u0131n \u2018Kad\u0131nlar\u0131m\u0131z i\u00e7in as\u0131l m\u00fccadele alan\u0131, as\u0131l zafer kazan\u0131lmas\u0131 gereken alan, bi\u00e7im ve k\u0131l\u0131kta ba\u015far\u0131dan \u00e7ok, \u0131\u015f\u0131kla, bilgi ve k\u00fclt\u00fcrle, ger\u00e7ek fazilet s\u00fcslenip donanmakt\u0131r\u2019 c\u00fcmlesi do\u011frultusunda yapaca\u011f\u0131m\u0131z her \u00e7al\u0131\u015fmada t\u00fcm kad\u0131nlar\u0131m\u0131z ile dayan\u0131\u015fma i\u00e7inde olaca\u011f\u0131z, bu nedenle ilimizin d\u00f6rt bir yan\u0131ndan her ya\u015fta her sosyal kademedeki kad\u0131nlar\u0131m\u0131z\u0131n derne\u011fimize \u00fcye olmas\u0131n\u0131, \u00fcye olmasa bile gelip tan\u0131\u015fmalar\u0131n\u0131 ve d\u00fc\u015f\u00fcncelerini bizimle payla\u015fmalar\u0131n\u0131, bu do\u011frultuda hep birlikte dayan\u0131\u015fma i\u00e7inde faaliyet g\u00f6sterece\u011fimizi belirtmek istiyorum\u201d <\/strong>dedi.<\/p>\n\n\n\n<p class=\"has-medium-font-size\">Bilecik Anadolu Kad\u0131nlar\u0131 Yard\u0131mla\u015fma Dayan\u0131\u015fma ve K\u00fclt\u00fcr Derne\u011fi, Kurucu Ba\u015fkan Nurcan \u00d6z\u00e7ak\u0131r ve \u015eerife Demirba\u011flar, \u015eeng\u00fcl Hitit, Ayten Engin, Ya\u015far Temirli, Berna \u00c7elik, Fatma \u00d6zen olarak toplam 7 kurucu kad\u0131n \u00fcye ile resmi olarak derne\u011fin kurulu\u015fu ger\u00e7ekle\u015ftirildi.&nbsp;<\/p>\n","protected":false},"excerpt":{"rendered":"<p>Mustafa Kemal Atat\u00fcrk\u2019\u00fcn kurtulu\u015f me\u015falesini yak\u0131\u015f\u0131n\u0131n 102. Y\u0131ld\u00f6n\u00fcm\u00fcnde Bilecikli kad\u0131nlar kurulu\u015f ve kurtulu\u015fun \u015fehri Bilecik\u2019te ilk kad\u0131n merkezli yard\u0131mla\u015fma dayan\u0131\u015fma ve k\u00fclt\u00fcr derne\u011fini kurdu. T\u00fcm kad\u0131nlar\u0131n d\u00fc\u015f\u00fcnce, inan\u00e7 ve ifade \u00f6zg\u00fcrl\u00fc\u011f\u00fcn\u00fc esas alarak kad\u0131nlar\u0131n her alanda aktif rol almas\u0131n\u0131 sa\u011flamak amac\u0131yla Boz\u00fcy\u00fck merkezli kurulan Bilecik Anadolu Kad\u0131nlar\u0131 Yard\u0131mla\u015fma Dayan\u0131\u015fma ve K\u00fclt\u00fcr Derne\u011fi \u015fehrimizde kad\u0131nlara y\u00f6nelik \u00e7ok \u00f6nemli bir at\u0131l\u0131m oldu. Gerek kurulu\u015f tarihlerinin simgesel olarak anlam\u0131, gerek kad\u0131n merkezli olmas\u0131 gerekse de sosyal ve k\u00fclt\u00fcrel olarak \u015fehrimizin dayan\u0131\u015fma ba\u011flar\u0131na olan katk\u0131s\u0131yla faaliyetlerine ba\u015flayacak. Derne\u011fin kurucu ba\u015fkan\u0131 olan i\u015f insan\u0131 Nurcan&hellip;<\/p>\n","protected":false},"author":2,"featured_media":426,"comment_status":"closed","ping_status":"open","sticky":false,"template":"","format":"standard","meta":[],"categories":[1],"tags":[],"aioseo_notices":[],"_links":{"self":[{"href":"https:\/\/www.bozuyuknet.com\/bozuyuk\/wp-json\/wp\/v2\/posts\/427"}],"collection":[{"href":"https:\/\/www.bozuyuknet.com\/bozuyuk\/wp-json\/wp\/v2\/posts"}],"about":[{"href":"https:\/\/www.bozuyuknet.com\/bozuyuk\/wp-json\/wp\/v2\/types\/post"}],"author":[{"embeddable":true,"href":"https:\/\/www.bozuyuknet.com\/bozuyuk\/wp-json\/wp\/v2\/users\/2"}],"replies":[{"embeddable":true,"href":"https:\/\/www.bozuyuknet.com\/bozuyuk\/wp-json\/wp\/v2\/comments?post=427"}],"version-history":[{"count":1,"href":"https:\/\/www.bozuyuknet.com\/bozuyuk\/wp-json\/wp\/v2\/posts\/427\/revisions"}],"predecessor-version":[{"id":428,"href":"https:\/\/www.bozuyuknet.com\/bozuyuk\/wp-json\/wp\/v2\/posts\/427\/revisions\/428"}],"wp:featuredmedia":[{"embeddable":true,"href":"https:\/\/www.bozuyuknet.com\/bozuyuk\/wp-json\/wp\/v2\/media\/426"}],"wp:attachment":[{"href":"https:\/\/www.bozuyuknet.com\/bozuyuk\/wp-json\/wp\/v2\/media?parent=427"}],"wp:term":[{"taxonomy":"category","embeddable":true,"href":"https:\/\/www.bozuyuknet.com\/bozuyuk\/wp-json\/wp\/v2\/categories?post=427"},{"taxonomy":"post_tag","embeddable":true,"href":"https:\/\/www.bozuyuknet.com\/bozuyuk\/wp-json\/wp\/v2\/tags?post=427"}],"curies":[{"name":"wp","href":"https:\/\/api.w.org\/{rel}","templated":true}]}}