{"id":407,"date":"2021-05-12T18:03:39","date_gmt":"2021-05-12T15:03:39","guid":{"rendered":"http:\/\/www.bozuyuknet.com\/bozuyuk\/?p=407"},"modified":"2021-05-12T18:04:06","modified_gmt":"2021-05-12T15:04:06","slug":"ak-parti-milletvekili-selim-yagcinin-bayram-mesaji","status":"publish","type":"post","link":"https:\/\/www.bozuyuknet.com\/bozuyuk\/ak-parti-milletvekili-selim-yagcinin-bayram-mesaji\/","title":{"rendered":"AK PART\u0130 M\u0130LLETVEK\u0130L\u0130 SEL\u0130M YA\u011eCI&#8217;NIN BAYRAM MESAJI"},"content":{"rendered":"\n<p class=\"has-medium-font-size\">AK Parti Yerel Y\u00f6netimler Ba\u015fkan Yard\u0131mc\u0131s\u0131, TBMM \u0130\u00e7i\u015fleri Komisyon \u00dcyesi, Kurulu\u015f Dirili\u015f ve Kurtulu\u015fun \u015eehri Bilecik Milletvekili <strong>SEL\u0130M YA\u011eCI\u2019<\/strong>n\u0131n Ramazan Bayram\u0131 kutlama mesaj\u0131.<\/p>\n\n\n\n<p class=\"has-medium-font-size\">De\u011ferli hem\u015fehrilerim<\/p>\n\n\n\n<p class=\"has-medium-font-size\">On bir ay\u0131n sultan\u0131 Ramazan\u2019\u0131 gelenek ve g\u00f6reneklerimize g\u00f6re u\u011furlayam\u0131yor olman\u0131n h\u00fczn\u00fcn\u00fc hep birlikte ya\u015f\u0131yoruz.<\/p>\n\n\n\n<p class=\"has-medium-font-size\">G\u00f6nl\u00fcm\u00fcz, ge\u00e7mi\u015f bayramlarda oldu\u011fu gibi sevdiklerimizle bir arada olmay\u0131 istiyor.<\/p>\n\n\n\n<p class=\"has-medium-font-size\">T\u00fcm d\u00fcnya ile birlikte bizi de etkileyen koronavir\u00fcs nedeniyle bayram\u0131 evlerimizde ge\u00e7irmek durumunday\u0131z.<\/p>\n\n\n\n<p class=\"has-medium-font-size\">Hep birlikte kurallara uyar, maske-mesafe-temizlik hassasiyetine riayet edersek, Allah\u2019\u0131n izniyle, bu s\u00fcre\u00e7ten aln\u0131m\u0131z\u0131n ak\u0131yla \u00e7\u0131kaca\u011f\u0131m\u0131z g\u00fcnler yak\u0131nd\u0131r.<\/p>\n\n\n\n<p class=\"has-medium-font-size\">Covid-19 vir\u00fcs\u00fc salg\u0131n\u0131 nedeniyle kaybetti\u011fimiz vatanda\u015flar\u0131m\u0131z\u0131 ve t\u00fcm \u015fehitlerimizi rahmet ve \u015f\u00fckranla y\u00e2d ediyor,&nbsp; gazilerimize sa\u011fl\u0131kl\u0131 uzun \u00f6m\u00fcrler diliyorum. Geride kalan ailelerine Allah sab\u0131rlar versin.<\/p>\n\n\n\n<p class=\"has-medium-font-size\">Salg\u0131n s\u00fcrecinde \u00f6zverili bir \u015fekilde g\u00f6rev yapan, sa\u011fl\u0131k \u00e7al\u0131\u015fanlar\u0131 ba\u015fta olmak \u00fczere t\u00fcm kamu ve \u00f6zel sekt\u00f6r \u00e7al\u0131\u015fanlar\u0131m\u0131za \u015f\u00fckranlar\u0131m\u0131 sunuyorum.<\/p>\n\n\n\n<p class=\"has-medium-font-size\">Yapt\u0131\u011f\u0131m\u0131z ibadet ve dualar\u0131n ya\u015fad\u0131\u011f\u0131m\u0131z bu s\u0131k\u0131nt\u0131l\u0131 s\u00fcreci biran \u00f6nce \u015fehrim, \u00fclkem ve insanl\u0131k ad\u0131na a\u015fmam\u0131za vesile olmas\u0131n\u0131 diliyorum.<\/p>\n\n\n\n<p class=\"has-medium-font-size\"><strong>Al\u0131nan tedbirler sebebiyle hi\u00e7bir vatanda\u015f\u0131m\u0131z\u0131n ma\u011fduriyet ya\u015famamas\u0131, zorlu\u011fa, yoklu\u011fa, yoksullu\u011fa d\u00fc\u015fmemesi i\u00e7in \u00e7al\u0131\u015f\u0131yoruz.<\/strong><\/p>\n\n\n\n<p class=\"has-medium-font-size\">Sosyal Koruma Kalkan\u0131 programlar\u0131yla, hem ihtiya\u00e7 sahibi vatanda\u015flar\u0131m\u0131za, hem de istihdamdaki kay\u0131ptan dolay\u0131 s\u0131k\u0131nt\u0131ya d\u00fc\u015fen \u00e7al\u0131\u015fanlar\u0131m\u0131za deste\u011fi s\u00fcrd\u00fcr\u00fcyoruz.<\/p>\n\n\n\n<p class=\"has-medium-font-size\">\u015eeyh Edebal\u0131\u2019n\u0131n \u201c\u0130NSANI YA\u015eAT K\u0130 DEVLET YA\u015eASIN\u201d anlay\u0131\u015f\u0131yla gecemizi g\u00fcnd\u00fcz\u00fcm\u00fcze katarak \u00e7al\u0131\u015f\u0131yoruz.<\/p>\n\n\n\n<p class=\"has-medium-font-size\">\u0130n\u015fallah salg\u0131n sonras\u0131 yeniden \u015fekillenecek d\u00fcnyada, T\u00fcrkiye\u2019nin g\u00fcc\u00fcn\u00fc, zenginli\u011fini, refah\u0131n\u0131 y\u00fckseklere ta\u015f\u0131mak i\u00e7in haz\u0131rl\u0131klar\u0131m\u0131z\u0131 yap\u0131yoruz.<\/p>\n\n\n\n<p class=\"has-medium-font-size\">Gelece\u011fe \u00fcmit ve g\u00fcvenle bakt\u0131\u011f\u0131m\u0131z bu g\u00fczel bayram g\u00fcn\u00fcnde, yan\u0131nda olamad\u0131\u011f\u0131m\u0131z sevdiklerimizle yeniden bu mutlulu\u011fu payla\u015faca\u011f\u0131m\u0131za inan\u0131yorum.<\/p>\n\n\n\n<p class=\"has-medium-font-size\">Rabbim bir sonraki Ramazan bayram\u0131na sa\u011fl\u0131kla, esenlikle, huzurla bizleri kavu\u015ftursun.<\/p>\n\n\n\n<p class=\"has-medium-font-size\">Bu vesile ile t\u00fcm hem\u015fehrilerimin ve T\u00fcrk \u0130slam aleminin Ramazan Bayram\u0131n\u0131 Kutluyorum.<\/p>\n\n\n\n<p class=\"has-medium-font-size\">Hep birlikte daha iyiye daha g\u00fczele\u2026<\/p>\n\n\n\n<div class=\"wp-block-image\"><figure class=\"aligncenter size-large\"><img loading=\"lazy\" width=\"400\" height=\"400\" src=\"http:\/\/www.bozuyuknet.com\/bozuyuk\/wp-content\/uploads\/2021\/05\/sm_2.jpg\" alt=\"\" class=\"wp-image-406\" srcset=\"https:\/\/www.bozuyuknet.com\/bozuyuk\/wp-content\/uploads\/2021\/05\/sm_2.jpg 400w, https:\/\/www.bozuyuknet.com\/bozuyuk\/wp-content\/uploads\/2021\/05\/sm_2-300x300.jpg 300w, https:\/\/www.bozuyuknet.com\/bozuyuk\/wp-content\/uploads\/2021\/05\/sm_2-150x150.jpg 150w\" sizes=\"(max-width: 400px) 100vw, 400px\" \/><\/figure><\/div>\n","protected":false},"excerpt":{"rendered":"<p>AK Parti Yerel Y\u00f6netimler Ba\u015fkan Yard\u0131mc\u0131s\u0131, TBMM \u0130\u00e7i\u015fleri Komisyon \u00dcyesi, Kurulu\u015f Dirili\u015f ve Kurtulu\u015fun \u015eehri Bilecik Milletvekili SEL\u0130M YA\u011eCI\u2019n\u0131n Ramazan Bayram\u0131 kutlama mesaj\u0131. De\u011ferli hem\u015fehrilerim On bir ay\u0131n sultan\u0131 Ramazan\u2019\u0131 gelenek ve g\u00f6reneklerimize g\u00f6re u\u011furlayam\u0131yor olman\u0131n h\u00fczn\u00fcn\u00fc hep birlikte ya\u015f\u0131yoruz. G\u00f6nl\u00fcm\u00fcz, ge\u00e7mi\u015f bayramlarda oldu\u011fu gibi sevdiklerimizle bir arada olmay\u0131 istiyor. T\u00fcm d\u00fcnya ile birlikte bizi de etkileyen koronavir\u00fcs nedeniyle bayram\u0131 evlerimizde ge\u00e7irmek durumunday\u0131z. Hep birlikte kurallara uyar, maske-mesafe-temizlik hassasiyetine riayet edersek, Allah\u2019\u0131n izniyle, bu s\u00fcre\u00e7ten aln\u0131m\u0131z\u0131n ak\u0131yla \u00e7\u0131kaca\u011f\u0131m\u0131z g\u00fcnler yak\u0131nd\u0131r. Covid-19 vir\u00fcs\u00fc salg\u0131n\u0131 nedeniyle kaybetti\u011fimiz vatanda\u015flar\u0131m\u0131z\u0131 ve t\u00fcm \u015fehitlerimizi rahmet&hellip;<\/p>\n","protected":false},"author":2,"featured_media":405,"comment_status":"closed","ping_status":"open","sticky":false,"template":"","format":"standard","meta":[],"categories":[1],"tags":[],"aioseo_notices":[],"_links":{"self":[{"href":"https:\/\/www.bozuyuknet.com\/bozuyuk\/wp-json\/wp\/v2\/posts\/407"}],"collection":[{"href":"https:\/\/www.bozuyuknet.com\/bozuyuk\/wp-json\/wp\/v2\/posts"}],"about":[{"href":"https:\/\/www.bozuyuknet.com\/bozuyuk\/wp-json\/wp\/v2\/types\/post"}],"author":[{"embeddable":true,"href":"https:\/\/www.bozuyuknet.com\/bozuyuk\/wp-json\/wp\/v2\/users\/2"}],"replies":[{"embeddable":true,"href":"https:\/\/www.bozuyuknet.com\/bozuyuk\/wp-json\/wp\/v2\/comments?post=407"}],"version-history":[{"count":2,"href":"https:\/\/www.bozuyuknet.com\/bozuyuk\/wp-json\/wp\/v2\/posts\/407\/revisions"}],"predecessor-version":[{"id":409,"href":"https:\/\/www.bozuyuknet.com\/bozuyuk\/wp-json\/wp\/v2\/posts\/407\/revisions\/409"}],"wp:featuredmedia":[{"embeddable":true,"href":"https:\/\/www.bozuyuknet.com\/bozuyuk\/wp-json\/wp\/v2\/media\/405"}],"wp:attachment":[{"href":"https:\/\/www.bozuyuknet.com\/bozuyuk\/wp-json\/wp\/v2\/media?parent=407"}],"wp:term":[{"taxonomy":"category","embeddable":true,"href":"https:\/\/www.bozuyuknet.com\/bozuyuk\/wp-json\/wp\/v2\/categories?post=407"},{"taxonomy":"post_tag","embeddable":true,"href":"https:\/\/www.bozuyuknet.com\/bozuyuk\/wp-json\/wp\/v2\/tags?post=407"}],"curies":[{"name":"wp","href":"https:\/\/api.w.org\/{rel}","templated":true}]}}